{"id":2590,"date":"2024-07-13T15:10:38","date_gmt":"2024-07-13T12:10:38","guid":{"rendered":"https:\/\/guven.atbakan.com\/blog\/?p=2590"},"modified":"2024-07-25T10:40:09","modified_gmt":"2024-07-25T07:40:09","slug":"etkinliklerden-maksimum-fayda-saglama-rehberi","status":"publish","type":"post","link":"https:\/\/guven.atbakan.com\/blog\/tr\/etkinliklerden-maksimum-fayda-saglama-rehberi\/","title":{"rendered":"Etkinliklerden maksimum fayda sa\u011flama rehberi"},"content":{"rendered":"\n<p>\u0130lk etkinli\u011fe kat\u0131ld\u0131\u011f\u0131mda hen\u00fcz lise haz\u0131rl\u0131ktayd\u0131m. Asl\u0131nda yaz\u0131l\u0131m etkinli\u011fi de de\u011fildi, bir yar\u0131\u015fmayd\u0131. Liseler aras\u0131 websitesi yar\u0131\u015fmas\u0131na kat\u0131lm\u0131\u015ft\u0131k. Lisemizin websitesini yapm\u0131\u015f, teknolojiyle i\u00e7li d\u0131\u015fl\u0131 olan resim hocam\u0131z\u0131 da kafalay\u0131p kendimize ment\u00f6r yapm\u0131\u015ft\u0131k. Gitti\u011fimiz etkinlik bu yar\u0131\u015fman\u0131n \u00f6d\u00fcl t\u00f6reniydi ve orada ilk kez bir konferans d\u00fczeninde etkinli\u011fe kat\u0131lm\u0131\u015ft\u0131m. Standlar sunumlar vs derken benim i\u00e7in ger\u00e7ekten \u00e7ok farkl\u0131 bir deneyim olmu\u015ftu. D\u00fcr\u00fcst olmak gerekirse, o g\u00fcne dair neredeyse hi\u00e7bir \u015fey hat\u0131rlam\u0131yorum. Tek hat\u0131rlad\u0131\u011f\u0131m \u015fey, o zamanlarda davetiye ile da\u011f\u0131t\u0131lan Gmail davetiyesini kapm\u0131\u015ft\u0131k ekip olarak :)<\/p>\n\n\n\n<p>Gmail davetiyesini bir kenara koyarsak, \u00e7ok verimli bir etkinlik olmam\u0131\u015f gibi d\u00fc\u015f\u00fcnebilirsiniz. Ama bir lise \u00f6\u011frencisi olarak o g\u00fcn o ortamda bulunmak ger\u00e7ekten \u00e7ok de\u011ferliydi. Giderken heyecanland\u0131\u011f\u0131m\u0131 hat\u0131rl\u0131yorum. O heyecan\u0131 ya\u015famak, o ortamda bulunmak, oradaki insanlar\u0131 g\u00f6r\u00fcp gelecek i\u00e7in hayaller kurmak; sahnedeki sunumu izlemek ve bir g\u00fcn orada olmay\u0131 hayal etmek bir lise \u00f6\u011frencisi i\u00e7in \u00e7ok de\u011ferli bir konu.<\/p>\n\n\n\n<p>\u00d6\u011frencilik deyince biraz fazla geriye gittim, fark\u0131nday\u0131m. Kazan\u0131mlar\u0131 anlatmak i\u00e7in \u00e7ok g\u00fczel bir \u00f6rnek oldu\u011funu d\u00fc\u015f\u00fcnd\u00fcm. \u00c7\u00fcnk\u00fc etkinliklerdeki kazan\u0131m sadece bir kod \u00f6\u011frenmek, bir yaz\u0131l\u0131m yakla\u015f\u0131m\u0131 \u00f6\u011frenmek de\u011fildir. Hayal edebilmek, yeni konular \u00f6\u011frenmek, zaten bildi\u011fimiz bir konuyu ba\u015fkas\u0131n\u0131n ele al\u0131\u015f \u015feklini g\u00f6rmek, yeni insanlarla tan\u0131\u015fmak, soru sormay\u0131 \u00f6\u011frenmek ve daha bir\u00e7ok k\u00fclt\u00fcrel konudur asl\u0131nda. Kendimizi geli\u015ftirmek i\u00e7in etkinliklere kat\u0131l\u0131yoruz ve bir yaz\u0131l\u0131m etkinli\u011findeki en \u00f6nemli katk\u0131 k\u00fclt\u00fcrel geli\u015fim olacakt\u0131r.<\/p>\n\n\n\n<p>\u0130nsanlar ya\u015f ald\u0131k\u00e7a ge\u00e7mi\u015flerini anlatmay\u0131 daha \u00e7ok seviyor. \u00dcniversite d\u00f6neminde ve sonras\u0131nda olduk\u00e7a aktif bir \u015fekilde topluluklarda ve etkinliklerde yer ald\u0131m. Ama bu b\u00f6l\u00fcmde ge\u00e7mi\u015ften bahsetmek yerine biraz daha hap bilgi vermeye \u00e7al\u0131\u015faca\u011f\u0131m. <a href=\"https:\/\/kommunity.com\" data-type=\"link\" data-id=\"https:\/\/kommunity.com\">Kommunity<\/a> sayesinde \u00e7ok fazla topluluk lideriyle, etkinlik kat\u0131l\u0131mc\u0131s\u0131yla konu\u015fma \u015fans\u0131 buldum. Burada sizlere bu bilgileri \u00f6zetleyerek aktaraca\u011f\u0131m.<\/p>\n\n\n\n<h3 class=\"wp-block-heading\">Etkinlikle ilgili detaylar\u0131 \u00f6\u011frenin<\/h3>\n\n\n\n<p>Etkinli\u011fin hem d\u00fczenleyen hem de kat\u0131l\u0131mc\u0131 taraf\u0131nda \u00e7ok kez bulundum. Her iki taraftan bakt\u0131\u011f\u0131mda, etkinlikten en \u00e7ok faydalanan ki\u015filer etkinlikle ilgili detaylar\u0131 \u00f6nceden \u00f6\u011frenmi\u015f ve \u00e7al\u0131\u015fm\u0131\u015f ki\u015filer oluyor. T\u00fcm g\u00fcn s\u00fcren bir konferansa gitti\u011finizde, kat\u0131laca\u011f\u0131n\u0131z oturumlar\u0131 \u00f6nceden \u00e7al\u0131\u015fmal\u0131s\u0131n\u0131z. Sunumu yapan ki\u015fi ve konu ba\u015fl\u0131\u011f\u0131n\u0131 \u00f6\u011frenmek yetmez, o konuya da \u00f6nceden bir g\u00f6z atarsan\u0131z e\u011fer, sunum esnas\u0131nda sizin kafan\u0131zda \u00e7ok daha fazla \u015fey canlanacak. Ve \u00fczerine d\u00fc\u015f\u00fcnebilme, sohbet edebilme f\u0131rsat\u0131 bulacaks\u0131n\u0131z. Bir de \u015fu a\u00e7\u0131dan bakal\u0131m; sunumu yapacak ki\u015fi y\u0131llar\u0131n tecr\u00fcbesinin yan\u0131 s\u0131ra sunuma g\u00fcnlerce haz\u0131rlan\u0131yor. Sadece anlatmak i\u00e7in bu kadar \u00e7ok emek verilen bir konuda, siz sadece dinleyerek \u00e7ok temel bir fayda edinebilirsiniz. \u00a0Bu y\u00fczden siz de hem \u00f6ncesinde hem sonras\u0131nda bu konulara \u00e7al\u0131\u015fmal\u0131s\u0131n\u0131z.<\/p>\n\n\n\n<h3 class=\"wp-block-heading\">Sponsorlar\u0131 tan\u0131y\u0131n<\/h3>\n\n\n\n<p>Etkinlikteki sponsorlar, \u00e7ok b\u00fcy\u00fck oranda sizin ilgi alan\u0131n\u0131zda, \u00e7al\u0131\u015fmak istedi\u011finiz alanda bulunuyor. Etkinlik g\u00fcn\u00fcnde standlar\u0131n\u0131 ziyaret edip tan\u0131\u015fabilirsiniz. Ama \u015firketin ne yapt\u0131\u011f\u0131n\u0131 \u00f6nceden \u00f6\u011frenirseniz, belki de standlar\u0131na gitti\u011finizde \u00e7ok farkl\u0131 bir\u015fey konu\u015fuyor olacaks\u0131n\u0131z. Hangi teknoloji kullan\u0131l\u0131yor, \u015firkette kimler \u00e7al\u0131\u015f\u0131yor, \u00fcrettikleri \u00fcr\u00fcn verdikleri hizmet nedir gibi sorular\u0131n yan\u0131t\u0131 internetten alabilirsiniz, bunun i\u00e7in bir stantta birinin size anlatmas\u0131na gerek yok. Sponsorlara sorular\u0131n\u0131z\u0131 haz\u0131rlay\u0131n ve hedefli bi\u00e7imde gidin. \u00d6rne\u011fin Kommunity stand\u0131na geldi\u011finizde etkinliklerdeki timezone problemini nas\u0131l \u00e7\u00f6zd\u00fc\u011f\u00fcm\u00fcz\u00fc sorabilirsiniz :)<\/p>\n\n\n\n<h3 class=\"wp-block-heading\">Kat\u0131l\u0131mc\u0131lar\u0131 \u00f6\u011frenin<\/h3>\n\n\n\n<p>Bence bir\u00e7ok ki\u015finin atlad\u0131\u011f\u0131 bir konu bu. \u00d6zellikle daha az kat\u0131l\u0131mc\u0131l\u0131 etkinliklerde size \u00e7ok b\u00fcy\u00fck fayda sa\u011flayacak. Kommunity&#8217;de bir etkinli\u011fe kat\u0131lacak ki\u015fileri kolayca g\u00f6rebiliyorsunuz. Stalk yeteneklerinizi kullan\u0131n ve kimler kat\u0131l\u0131yor, hangi \u015firkette \u00e7al\u0131\u015f\u0131yor, hangi projeleri geli\u015ftiriyor \u00f6\u011frenin. Belki \u00e7al\u0131\u015fmak istedi\u011finiz \u015firkette \u00e7al\u0131\u015fan birisi kat\u0131laca\u011f\u0131n\u0131 bildirmi\u015ftir. Ya da sizin yapmak istedi\u011finiz bir \u00fcr\u00fcn\u00fc \u00e7oktan yapm\u0131\u015f olan ve problemler ya\u015fay\u0131p bunlar\u0131 \u00e7\u00f6zm\u00fc\u015f olan birisi kat\u0131lacakt\u0131r. <\/p>\n\n\n\n<h3 class=\"wp-block-heading\">\u0130nsanlarla tan\u0131\u015f\u0131n<\/h3>\n\n\n\n<p>Evet bu konu di\u011ferlerinden daha zor, bunu kabul ediyorum. \u00c7\u00fcnk\u00fc tan\u0131\u015fma i\u015fi biraz sosyal beceri, tecr\u00fcbe ve belki biraz yetenek gerektiriyor olabilir. Bir de tan\u0131\u015ft\u0131\u011f\u0131n\u0131z ki\u015fiye de ba\u011fl\u0131 bu durum. \u00c7ekiniyor olabilirsiniz, \u00e7ekinmeyin. Ad\u0131n\u0131z\u0131 s\u00f6yleyip bir konu\u015fmaya dahil olabilir, dinleyici olabilirsiniz. E\u011fer yukar\u0131da yazd\u0131\u011f\u0131m maddeleri \u00f6nden haz\u0131rlad\u0131ysan\u0131z, mutlaka konu\u015facak bir \u015feyler de bulursunuz. Soru sorabilir, yorum yapabilir, tavsiye isteyebilirsiniz. Emin olun bir yaz\u0131l\u0131mc\u0131 ile tan\u0131\u015fmak, hayat\u0131n\u0131zdaki en kolay tan\u0131\u015fma olacakt\u0131r. Ama bununla b\u0131rakmay\u0131n ve tan\u0131\u015ft\u0131\u011f\u0131n\u0131z ki\u015fileri Kommunity&#8217;de, Linkedin&#8217;de veya X&#8217;te takip edin. Etkinliklerde networking yap\u0131l\u0131yor denilir s\u00fcrekli, bu ilk ad\u0131m\u0131d\u0131r. Tan\u0131\u015fmak networking de\u011fildir, ba\u015flang\u0131c\u0131d\u0131r.<\/p>\n\n\n\n<h3 class=\"wp-block-heading\">Soru sorun<\/h3>\n\n\n\n<p>Etkili ve do\u011fru soru sorabilmek, yaz\u0131l\u0131m geli\u015ftirmenin en \u00f6nemli par\u00e7alar\u0131ndan birisi. \u00d6zellikle gelecekte yapay zekan\u0131n hayat\u0131m\u0131zda daha \u00e7ok olaca\u011f\u0131n\u0131 d\u00fc\u015f\u00fcn\u00fcrsek, soru sorma yeteneklerinizi geli\u015ftirmeniz gerekiyor. Etkinlikler bunun i\u00e7in bi\u00e7ilmi\u015f kaftan. Elbette soru sormay\u0131 burada \u00f6\u011frenin demek istemiyorum, ama do\u011fru soru sorabilmeyi burada \u00e7\u00f6zebilirsiniz. Bir sunumda genellikle en sonunda sorular al\u0131n\u0131r ve konuyla ilgili sorular\u0131 konu\u015fmac\u0131 yan\u0131tlar. E\u011fer s\u00fcre k\u0131s\u0131t\u0131 varsa, sunum aralar\u0131nda ya da etkinlik sonras\u0131nda konu\u015fmac\u0131ya do\u011frudan sorular\u0131n\u0131z\u0131 iletebilirsiniz. Bunun i\u00e7in elbette ilk maddeye d\u00f6n\u00fcyoruz. O sunum ile ilgili \u00f6n bilgi edinmi\u015f olmak \u00f6nemli. Tabi sadece sunum ile ilgili soru sormak zorunda de\u011filsiniz. Konu\u015fmac\u0131n\u0131n teknik yetkinliklerine y\u00f6nelik sorular\u0131n\u0131z\u0131 iletebilirsiniz. Bu sizin hem ileti\u015fim yeteneklerinizi g\u00fc\u00e7lendirecek, hem de bir konuyu daha iyi anlam\u0131\u015f olman\u0131z\u0131 sa\u011flayacak. \u00c7ekinmeyin, sorun.<\/p>\n\n\n\n<h3 class=\"wp-block-heading\">Organizat\u00f6rlerle tan\u0131\u015f\u0131n, g\u00f6rev isteyin<\/h3>\n\n\n\n<p>\u00d6zellikle T\u00fcrkiye\u2019de yaz\u0131l\u0131m etkinlikleri \u00e7ok b\u00fcy\u00fck bir oranda g\u00f6n\u00fcll\u00fcler taraf\u0131ndan y\u00f6netiliyor. Organizat\u00f6rlerle, organizasyonda \u00e7al\u0131\u015fanlarla tan\u0131\u015f\u0131n, te\u015fekk\u00fcrlerinizi iletin. Etkinlikle ilgili g\u00f6rd\u00fc\u011f\u00fcn\u00fcz olumsuz durumlar\u0131 da iletebilirsiniz, ama ben tercihen daha sonra bir e-posta ya da mesaj yoluyla iletmenizi tavsiye ederim. Organizasyondaki arkada\u015flarla tan\u0131\u015ft\u0131\u011f\u0131n\u0131zda, sonraki etkinliklerde g\u00f6rev almak istedi\u011finizi belirtti\u011finizde mutlaka de\u011ferlendireceklerdir. Etkinlikler kollektif bir emekle ger\u00e7ekle\u015ftiriliyor ve yap\u0131lacak \u00e7ok fazla i\u015f var. Damacana su ta\u015f\u0131mak, sebile yerle\u015ftirmek, konu\u015fmac\u0131lar\u0131n mikrofonlar\u0131n\u0131 ayarlamak, konu\u015fmac\u0131lara e\u015flik etmek, kay\u0131t masas\u0131nda kontroller yapmak, afi\u015fleri asmak ve daha sayamayaca\u011f\u0131m onlarca i\u015f kalemi var. Her i\u015f \u00f6nemli, her i\u015f de\u011ferli. \u00d6nemli olan ekibin bir par\u00e7as\u0131 olmak ve etkinli\u011fe neresinden oldu\u011fu \u00f6nemli olmayan bir katk\u0131 sunmak.<\/p>\n\n\n\n<h3 class=\"wp-block-heading\">Toplulu\u011fa katk\u0131 verin<\/h3>\n\n\n\n<p>Asl\u0131nda k\u0131smen yukar\u0131da giri\u015fini yapm\u0131\u015f oldum ama buras\u0131 apayr\u0131 bir yaz\u0131n\u0131n konusu. Bu y\u00fczden \u00e7ok k\u0131sa ge\u00e7ece\u011fim. Organizat\u00f6rlere geri bildirim vererek, topluluklarda g\u00f6rev alarak, etkinliklerde konu\u015fma yaparak, toplulu\u011fun etkinliklerini duyurarak ve daha bir\u00e7ok \u015fekilde topluluklara destek verin, ekosisteme katk\u0131da bulunun. Bu hem sizi hem de topluluklar\u0131 (ve yine dolay\u0131s\u0131yla sizi) bir ad\u0131m ileriye g\u00f6t\u00fcrecektir.<\/p>\n\n\n\n<h3 class=\"wp-block-heading\">Kommunity&#8217;i takip edin<\/h3>\n\n\n\n<p>Kommunity bug\u00fcn T\u00fcrkiye&#8217;de IT sekt\u00f6r\u00fcnde denilince akla gelen ilk platform. Bunu sa\u011flayan \u015fey, bizim topluluklar\u0131n ve etkinliklerin i\u00e7inden gelmemiz. T\u00fcrkiye&#8217;deki yaz\u0131l\u0131m topluluklar\u0131n\u0131 bir ad\u0131m daha ileriye ta\u015f\u0131mak i\u00e7in elimizden geleni yap\u0131yoruz. Bu da kar\u015f\u0131l\u0131\u011f\u0131n\u0131 buluyor ve neredeyse t\u00fcm yaz\u0131l\u0131m topluluklar\u0131 Kommunity&#8217;i kullan\u0131yor. Benim sekt\u00f6re girdi\u011fim y\u0131llarda etkinlikleri, topluluklar\u0131 ke\u015ffetmek biraz daha zordu. G\u00fcn\u00fcm\u00fczde etkinlik d\u00fczenlemek, duyurmak ve ilgili kitleye eri\u015fmek Kommunity sayesinde \u00e7ok daha kolay ve bundan maksimum seviyede faydalanmak sizin elinizde. Ayn\u0131 ilgi alan\u0131na y\u00f6nelik tek bir topluluk yok. Onlarca topluluk, y\u00fczlerce etkinlikten fayda sa\u011flayabilirsiniz. Bu topluluklara kat\u0131l\u0131p, aktivitelerini Kommunity \u00fczerinden rahat\u00e7a takip edebilirsiniz.<\/p>\n\n\n\n<hr class=\"wp-block-separator has-alpha-channel-opacity\"\/>\n\n\n\n<p>Yaz\u0131y\u0131 buraya kadar okuduysan\u0131z ve etkinliklere kat\u0131l\u0131yorsan\u0131z, sizin de g\u00f6r\u00fc\u015flerinizi duymak isterim. Daha \u00f6nce kat\u0131ld\u0131\u011f\u0131n\u0131z ve verim ald\u0131\u011f\u0131n\u0131z etkinliklerde farkl\u0131 olan neydi? Bu yaz\u0131ya yorum olarak g\u00f6nderin, blog yaz\u0131n ya da twitterda payla\u015f\u0131n. Ama pinglemeyi unutmay\u0131n ki haberdar olabileyim. <\/p>\n","protected":false},"excerpt":{"rendered":"<p>\u0130lk etkinli\u011fe kat\u0131ld\u0131\u011f\u0131mda hen\u00fcz lise haz\u0131rl\u0131ktayd\u0131m. Asl\u0131nda yaz\u0131l\u0131m etkinli\u011fi de de\u011fildi, bir yar\u0131\u015fmayd\u0131. Liseler aras\u0131 websitesi yar\u0131\u015fmas\u0131na kat\u0131lm\u0131\u015ft\u0131k. Lisemizin websitesini yapm\u0131\u015f, teknolojiyle i\u00e7li d\u0131\u015fl\u0131 olan resim hocam\u0131z\u0131 da kafalay\u0131p kendimize ment\u00f6r yapm\u0131\u015ft\u0131k. Gitti\u011fimiz etkinlik bu yar\u0131\u015fman\u0131n \u00f6d\u00fcl t\u00f6reniydi ve orada ilk kez bir konferans d\u00fczeninde etkinli\u011fe kat\u0131lm\u0131\u015ft\u0131m. Standlar sunumlar vs derken benim i\u00e7in ger\u00e7ekten \u00e7ok [&hellip;]<\/p>\n","protected":false},"author":1,"featured_media":0,"comment_status":"open","ping_status":"open","sticky":false,"template":"","format":"standard","meta":{"jetpack_post_was_ever_published":false,"_jetpack_newsletter_access":"","_jetpack_dont_email_post_to_subs":false,"_jetpack_newsletter_tier_id":0,"_jetpack_memberships_contains_paywalled_content":false,"_jetpack_memberships_contains_paid_content":false,"footnotes":"","jetpack_publicize_message":"","jetpack_publicize_feature_enabled":false,"jetpack_social_post_already_shared":false,"jetpack_social_options":{"image_generator_settings":{"template":"highway","enabled":false},"version":2}},"categories":[4],"tags":[],"class_list":["post-2590","post","type-post","status-publish","format-standard","hentry","category-yazilim"],"blocksy_meta":[],"jetpack_publicize_connections":[],"jetpack_featured_media_url":"","jetpack_likes_enabled":true,"jetpack-related-posts":[],"jetpack_sharing_enabled":true,"_links":{"self":[{"href":"https:\/\/guven.atbakan.com\/blog\/wp-json\/wp\/v2\/posts\/2590","targetHints":{"allow":["GET"]}}],"collection":[{"href":"https:\/\/guven.atbakan.com\/blog\/wp-json\/wp\/v2\/posts"}],"about":[{"href":"https:\/\/guven.atbakan.com\/blog\/wp-json\/wp\/v2\/types\/post"}],"author":[{"embeddable":true,"href":"https:\/\/guven.atbakan.com\/blog\/wp-json\/wp\/v2\/users\/1"}],"replies":[{"embeddable":true,"href":"https:\/\/guven.atbakan.com\/blog\/wp-json\/wp\/v2\/comments?post=2590"}],"version-history":[{"count":17,"href":"https:\/\/guven.atbakan.com\/blog\/wp-json\/wp\/v2\/posts\/2590\/revisions"}],"predecessor-version":[{"id":2625,"href":"https:\/\/guven.atbakan.com\/blog\/wp-json\/wp\/v2\/posts\/2590\/revisions\/2625"}],"wp:attachment":[{"href":"https:\/\/guven.atbakan.com\/blog\/wp-json\/wp\/v2\/media?parent=2590"}],"wp:term":[{"taxonomy":"category","embeddable":true,"href":"https:\/\/guven.atbakan.com\/blog\/wp-json\/wp\/v2\/categories?post=2590"},{"taxonomy":"post_tag","embeddable":true,"href":"https:\/\/guven.atbakan.com\/blog\/wp-json\/wp\/v2\/tags?post=2590"}],"curies":[{"name":"wp","href":"https:\/\/api.w.org\/{rel}","templated":true}]}}